{
    "id": 4780,
    "date": "2023-08-21T02:21:38",
    "date_gmt": "2023-08-20T23:21:38",
    "guid": {
        "rendered": "https:\/\/www.promfest.ee\/?page_id=4780"
    },
    "modified": "2025-09-20T18:39:10",
    "modified_gmt": "2025-09-20T15:39:10",
    "slug": "vlada-koieva",
    "status": "publish",
    "type": "page",
    "link": "https:\/\/www.promfest.ee\/en\/competition\/results\/vlada-koieva\/",
    "title": {
        "rendered": "Vlada Koieva"
    },
    "content": {
        "rendered": "<h3 class=\"wp-block-heading has-text-align-left\">Vlada Koieva<\/h3>\n\n\n\n<h4 class=\"wp-block-heading\">Soprano \/ 19.05.1996<\/h4>\n\n\n\n<h4 class=\"wp-block-heading\">Ukraina \/ Ukraine<br><br><\/h4>\n\n\n\n<div class=\"wp-block-media-text is-stacked-on-mobile is-vertically-aligned-top\" style=\"grid-template-columns:35% auto\"><figure class=\"wp-block-media-text__media\"><img loading=\"lazy\" decoding=\"async\" width=\"929\" height=\"929\" src=\"https:\/\/www.promfest.ee\/wp-content\/uploads\/2025\/08\/Vlada-Koieva.jpg\" alt=\"\" class=\"wp-image-6683 size-full\" srcset=\"https:\/\/www.promfest.ee\/wp-content\/uploads\/2025\/08\/Vlada-Koieva.jpg 929w, https:\/\/www.promfest.ee\/wp-content\/uploads\/2025\/08\/Vlada-Koieva-300x300.jpg 300w, https:\/\/www.promfest.ee\/wp-content\/uploads\/2025\/08\/Vlada-Koieva-150x150.jpg 150w, https:\/\/www.promfest.ee\/wp-content\/uploads\/2025\/08\/Vlada-Koieva-768x768.jpg 768w, https:\/\/www.promfest.ee\/wp-content\/uploads\/2025\/08\/Vlada-Koieva-12x12.jpg 12w\" sizes=\"auto, (max-width: 929px) 100vw, 929px\" \/><\/figure><div class=\"wp-block-media-text__content\">\n<h3 class=\"wp-block-heading\"><strong>KAVA \/ PROGRAM<\/strong><br><br><\/h3>\n\n\n\n<p>II VOOR \/ 2ND ROUND<\/p>\n\n\n\n<p>1. Mozart &#8211; Die Zauberfl\u00f6te &#8211; Pamina &#8211; Ach, ich f\u00fchl&#8217;s<br>2. Leoncavallo &#8211; I pagliacci &#8211; Nedda &#8211; Qual fiamma .. Stridono lass\u00f9<\/p>\n\n\n\n<p><br><\/p>\n\n\n\n<p>III VOOR \/ 3RD ROUND<\/p>\n\n\n\n<p>1. Schubert &#8211; Ave Maria<br>2. Nadenenko &#8211; Chogo yavlyayeshsya meni u sni? (Why do you appear to me in my dreams?)<br>3. R.Strauss &#8211; Vier Lieder, Op. 27 No. 3: Heimliche Aufforderung<\/p>\n\n\n\n<p><br><\/p>\n\n\n\n<p>IV VOOR \/ 4TH ROUND<\/p>\n\n\n\n<p>1. Poulenc &#8211; Dialogues des carm\u00e9lites &#8211; Blanche &#8211; Oh ne me quittez pas<br>2. Gounod &#8211; Rom\u00e9o et Juliette &#8211; Juliette &#8211; Dieu! Quel frisson .. Amour, ranime mon courage<\/p>\n\n\n\n<p><br><\/p>\n\n\n\n<p>FINAAL \/ FINAL ROUND<\/p>\n\n\n\n<p>1. Massenet &#8211; Manon &#8211; Manon &#8211; Je marche .. Ob\u00e9issons quand leur voix appelle<br>\u2014\u2014\u2014\u2014\u2014\u2014\u2014\u2014\u2014\u2014\u2014\u2014<br>2. Dvorak &#8211; Rusalka &#8211; Rusalka &#8211; Mesicku na nebi hlubokem<br>3. Puccini &#8211; Turandot &#8211; Liu &#8211; Signore, ascolta!<br>4. Puccini &#8211; La Boh\u00e8me &#8211; Mim\u00ec &#8211; Donde lieta usc\u00ec<\/p>\n<\/div><\/div>\n\n\n\n<section id=\"section-d372d2b1-79d5-45dc-a482-c0533dcf2b13\" class=\"wp-block-gutentor-divider section-d372d2b1-79d5-45dc-a482-c0533dcf2b13 gutentor-element gutentor-section gutentor-divider text-center\"><div class=\"grid-container\"><div class=\"gutentor-divider-box\"><span><svg xmlns=\"http:\/\/www.w3.org\/2000\/svg\" viewbox=\"0 0 240 40\" preserveaspectratio=\"none\"><path d=\"M56.2 20c5.3-.1 10.6-.2 16-.3l16-.2c10.6-.1 21.3-.1 31.9-.2 10.6.1 21.3 0 31.9.1l16 .2c5.3.1 10.6.2 16 .3-5.3.1-10.6.2-16 .3l-16 .2c-10.6.1-21.3.1-31.9.1-10.6-.1-21.3 0-31.9-.2l-16-.2c-5.4.1-10.7 0-16-.1z\"><\/path><\/svg><\/span><\/div><\/div><\/section>\n\n\n\n<p><strong>Haridus \/ Education<\/strong><\/p>\n\n\n\n<p>* Hochschule f\u00fcr Musik und Theater Hamburg, MMus opera singing with Geert Smits 2022-2025<br>* Nezhdanova Odesa National Music Academy, MMus opera singing (2021-2023) and BMus opera singing (2016-2021) with Anastasiia Golub<br>* Nezhdanova Odesa National Music Academy, choir conductor and choir singer with Valery Regrut, 2013-2017<\/p>\n\n\n\n<p><strong>T\u00e4iend\u00f5pe, konkursid \/ Further studies, competitions<\/strong><\/p>\n\n\n\n<p>* First Prize &#8211; Elise Meyer Competition 2025, Hamburg 2025<br>* Finalist &#8211; 62nd Tenor Vi\u00f1as International Singing Contest, Barcelona 2025<br>* Semifinalist &#8211; 12th Stanis\u0142aw Moniuszko International Singing Competition 2025<br>* &#8220;Exzellenz labor oper&#8221; summer course, Weikersheim 2025<\/p>\n\n\n\n<p><strong>Erialased kogemused \/ Professional experience<\/strong><\/p>\n\n\n\n<p>* Servilia (La Clemenza di Tito) &#8211; Hochschule f\u00fcr Musik und Theater Hamburg, 2024<br>* Musetta (La Boh\u00e8me 2022) as Soloist of the&nbsp;Odesa National Academic Opera and Ballet Theatre 2021-2023)<br>* Opera Studio of the Odesa National Academic Opera and Ballet Theatre, 2021<\/p>\n\n\n\n<p><strong>Tulevikuplaanid \/ Future plans<\/strong><\/p>\n\n\n\n<p>* Solo concert at the Blaibach Concert Hall (2026)<br>* Recording of a CD of Ukrainian romances and songs, 2025\u20132026<br><strong>Dream Roles:<\/strong> Liu (Turandot), Juliette (Romeo et Juliette), Mica\u00ebla (Carmen)&nbsp;<\/p>\n\n\n\n<p><\/p>",
        "protected": false
    },
    "excerpt": {
        "rendered": "<p>Soprano \/ Ukraine<br \/>\nThe 1st Prize <\/p>",
        "protected": false
    },
    "author": 2,
    "featured_media": 6683,
    "parent": 5257,
    "menu_order": 30,
    "comment_status": "closed",
    "ping_status": "closed",
    "template": "",
    "meta": {
        "footnotes": ""
    },
    "class_list": [
        "post-4780",
        "page",
        "type-page",
        "status-publish",
        "has-post-thumbnail",
        "hentry"
    ],
    "_links": {
        "self": [
            {
                "href": "https:\/\/www.promfest.ee\/en\/wp-json\/wp\/v2\/pages\/4780",
                "targetHints": {
                    "allow": [
                        "GET"
                    ]
                }
            }
        ],
        "collection": [
            {
                "href": "https:\/\/www.promfest.ee\/en\/wp-json\/wp\/v2\/pages"
            }
        ],
        "about": [
            {
                "href": "https:\/\/www.promfest.ee\/en\/wp-json\/wp\/v2\/types\/page"
            }
        ],
        "author": [
            {
                "embeddable": true,
                "href": "https:\/\/www.promfest.ee\/en\/wp-json\/wp\/v2\/users\/2"
            }
        ],
        "replies": [
            {
                "embeddable": true,
                "href": "https:\/\/www.promfest.ee\/en\/wp-json\/wp\/v2\/comments?post=4780"
            }
        ],
        "version-history": [
            {
                "count": 16,
                "href": "https:\/\/www.promfest.ee\/en\/wp-json\/wp\/v2\/pages\/4780\/revisions"
            }
        ],
        "predecessor-version": [
            {
                "id": 7142,
                "href": "https:\/\/www.promfest.ee\/en\/wp-json\/wp\/v2\/pages\/4780\/revisions\/7142"
            }
        ],
        "up": [
            {
                "embeddable": true,
                "href": "https:\/\/www.promfest.ee\/en\/wp-json\/wp\/v2\/pages\/5257"
            }
        ],
        "wp:featuredmedia": [
            {
                "embeddable": true,
                "href": "https:\/\/www.promfest.ee\/en\/wp-json\/wp\/v2\/media\/6683"
            }
        ],
        "wp:attachment": [
            {
                "href": "https:\/\/www.promfest.ee\/en\/wp-json\/wp\/v2\/media?parent=4780"
            }
        ],
        "curies": [
            {
                "name": "wp",
                "href": "https:\/\/api.w.org\/{rel}",
                "templated": true
            }
        ]
    }
}