{
    "id": 2799,
    "date": "2021-09-13T12:23:10",
    "date_gmt": "2021-09-13T12:23:51",
    "guid": {
        "rendered": "https:\/\/www.promfest.ee\/?page_id=2799"
    },
    "modified": "2025-06-25T02:33:43",
    "modified_gmt": "2025-06-24T23:33:43",
    "slug": "nalewajek",
    "status": "publish",
    "type": "page",
    "link": "https:\/\/www.promfest.ee\/en\/competition\/laureates\/nalewajek\/",
    "title": {
        "rendered": "Zuzanna Nalewajek"
    },
    "content": {
        "rendered": "<h3 class=\"wp-block-heading has-text-align-left\">Zuzanna Nalewajek<\/h3>\n\n\n\n<h4 class=\"wp-block-heading\">Mezzo-soprano \/ 1997-10-12<\/h4>\n\n\n\n<p><strong>Poola \/ Poland<\/strong><\/p>\n\n\n\n<div class=\"wp-block-media-text alignwide is-stacked-on-mobile is-vertically-aligned-top\" style=\"grid-template-columns:34% auto\"><figure class=\"wp-block-media-text__media\"><img loading=\"lazy\" decoding=\"async\" width=\"400\" height=\"329\" src=\"https:\/\/www.promfest.ee\/wp-content\/uploads\/2021\/09\/Zuzanna_Nalewajek.jpg\" alt=\"\" class=\"wp-image-2827 size-full\" srcset=\"https:\/\/www.promfest.ee\/wp-content\/uploads\/2021\/09\/Zuzanna_Nalewajek.jpg 400w, https:\/\/www.promfest.ee\/wp-content\/uploads\/2021\/09\/Zuzanna_Nalewajek-300x247.jpg 300w, https:\/\/www.promfest.ee\/wp-content\/uploads\/2021\/09\/Zuzanna_Nalewajek-16x12.jpg 16w\" sizes=\"auto, (max-width: 400px) 100vw, 400px\" \/><\/figure><div class=\"wp-block-media-text__content\">\n<h3 class=\"wp-block-heading\"><strong>KAVA \/ PROGRAM<\/strong><\/h3>\n\n\n\n<p>II VOOR \/ 2ND ROUND<\/p>\n\n\n\n<p>Mozart &#8211; Idomeneo &#8211; Idamante &#8211; Il padre adorato<br>H\u00e4ndel &#8211; Agrippina &#8211; Agrippina &#8211; L&#8217;alma mia fra le tempeste<\/p>\n\n\n\n<p>III VOOR \/ 3RD ROUND<\/p>\n\n\n\n<p>Schubert &#8211; Ave Maria<br>Weinberg &#8211; \u017bydek<\/p>\n\n\n\n<p><strong><br><\/strong><\/p>\n\n\n\n<p>IV VOOR \/ 4TH ROUND<\/p>\n\n\n\n<p>Barber &#8211; Vanessa &#8211; Erika &#8211; Must the Winter Come So Soon<br>\u017bele\u0144ski &#8211; Goplana &#8211; Balladyna &#8211; Wi\u0119c jam tu pani\u0105<\/p>\n\n\n\n<p><br><\/p>\n\n\n\n<p>FINAAL \/ FINAL ROUND<\/p>\n\n\n\n<p>Mozart &#8211; Cosi fan tutte &#8211; Dorabella &#8211; Ah scostati\u2026 Smanie implaccabili<br>\u2014\u2014\u2014\u2014\u2014\u2014\u2014\u2014\u2014\u2014\u2014\u2014<br>Rossini &#8211; Il Barbiere di Siviglia &#8211; Rosina &#8211; Una voce poco fa<br>Strauss &#8211; Der Rosenkavalier &#8211; Oktavian &#8211; Wie Du warst!<br>Gounod &#8211; Rom\u00e9o et Juliette &#8211; Stefano &#8211; Que fais-tu, blanche tourterelle?<\/p>\n<\/div><\/div>\n\n\n\n<section id=\"section-31a769d0-9097-47ea-aa66-2588c4191e42\" class=\"wp-block-gutentor-divider section-31a769d0-9097-47ea-aa66-2588c4191e42 gutentor-element gutentor-section gutentor-divider text-center\"><div class=\"grid-container\"><div class=\"gutentor-divider-box\"><span><svg xmlns=\"http:\/\/www.w3.org\/2000\/svg\" viewbox=\"0 0 240 40\" preserveaspectratio=\"none\"><path d=\"M56.2 20c5.3-.1 10.6-.2 16-.3l16-.2c10.6-.1 21.3-.1 31.9-.2 10.6.1 21.3 0 31.9.1l16 .2c5.3.1 10.6.2 16 .3-5.3.1-10.6.2-16 .3l-16 .2c-10.6.1-21.3.1-31.9.1-10.6-.1-21.3 0-31.9-.2l-16-.2c-5.4.1-10.7 0-16-.1z\"><\/path><\/svg><\/span><\/div><\/div><\/section>\n\n\n\n<p><strong>Haridus \/ Education<\/strong><\/p>\n\n\n\n<p>Chopin University of Music, Warsaw (2017-, Ewa I\u017cykowska-Lipi\u0144ska)<br>Young Talents Development Programme (2018-, Olga Pasiecznik, Matthias Rexroth, Izabela<br>K\u0142osi\u0144ska, Eytan Pessen, Mariusz Kwiecie\u0144, Lech Napiera\u0142a, Tomasz Konieczny, Hedwig<br>Fassbender)<\/p>\n\n\n\n<p><br><\/p>\n\n\n\n<p><strong>T\u00e4iend\u00f5pe, konkursid \/ Further studies, competitions<\/strong><\/p>\n\n\n\n<p>VI International Song Competition, Sofia (1st Prize, 2019)<br>XXVI International Johannes Brahms Competition (Finalist, 2019)<\/p>\n\n\n\n<p><strong>Erialased kogemused \/ Professional experience<\/strong><\/p>\n\n\n\n<p>Dorabella, Cosi fan tutte (Wroc\u0142aw Opera, 2021)<br>Concert (Polish Radio SO, 2020)<br>Filipyevna (Eugene Onegin, Student&#8217;s project 2018)<\/p>\n\n\n\n<p><br><\/p>\n\n\n\n<p><strong>Tulevikuplaanid \/ Future plans<\/strong><\/p>\n\n\n\n<p>Zweite Dame (Die Zauberfl\u00f6te, National Opera in Warsaw, 2021-22)<br>Dorabella, Cherubino (Wroc\u0142aw Opera, 2022)<\/p>",
        "protected": false
    },
    "excerpt": {
        "rendered": "<p>Mezzo-soprano \/ Poland<\/p>\n<p>The 1st Prize<\/p>",
        "protected": false
    },
    "author": 1,
    "featured_media": 4043,
    "parent": 28,
    "menu_order": 61,
    "comment_status": "closed",
    "ping_status": "closed",
    "template": "",
    "meta": {
        "footnotes": ""
    },
    "class_list": [
        "post-2799",
        "page",
        "type-page",
        "status-publish",
        "has-post-thumbnail",
        "hentry"
    ],
    "_links": {
        "self": [
            {
                "href": "https:\/\/www.promfest.ee\/en\/wp-json\/wp\/v2\/pages\/2799",
                "targetHints": {
                    "allow": [
                        "GET"
                    ]
                }
            }
        ],
        "collection": [
            {
                "href": "https:\/\/www.promfest.ee\/en\/wp-json\/wp\/v2\/pages"
            }
        ],
        "about": [
            {
                "href": "https:\/\/www.promfest.ee\/en\/wp-json\/wp\/v2\/types\/page"
            }
        ],
        "author": [
            {
                "embeddable": true,
                "href": "https:\/\/www.promfest.ee\/en\/wp-json\/wp\/v2\/users\/1"
            }
        ],
        "replies": [
            {
                "embeddable": true,
                "href": "https:\/\/www.promfest.ee\/en\/wp-json\/wp\/v2\/comments?post=2799"
            }
        ],
        "version-history": [
            {
                "count": 14,
                "href": "https:\/\/www.promfest.ee\/en\/wp-json\/wp\/v2\/pages\/2799\/revisions"
            }
        ],
        "predecessor-version": [
            {
                "id": 5993,
                "href": "https:\/\/www.promfest.ee\/en\/wp-json\/wp\/v2\/pages\/2799\/revisions\/5993"
            }
        ],
        "up": [
            {
                "embeddable": true,
                "href": "https:\/\/www.promfest.ee\/en\/wp-json\/wp\/v2\/pages\/28"
            }
        ],
        "wp:featuredmedia": [
            {
                "embeddable": true,
                "href": "https:\/\/www.promfest.ee\/en\/wp-json\/wp\/v2\/media\/4043"
            }
        ],
        "wp:attachment": [
            {
                "href": "https:\/\/www.promfest.ee\/en\/wp-json\/wp\/v2\/media?parent=2799"
            }
        ],
        "curies": [
            {
                "name": "wp",
                "href": "https:\/\/api.w.org\/{rel}",
                "templated": true
            }
        ]
    }
}