{
    "id": 2751,
    "date": "2021-09-13T11:32:47",
    "date_gmt": "2021-09-13T11:32:47",
    "guid": {
        "rendered": "https:\/\/www.promfest.ee\/?page_id=2751"
    },
    "modified": "2025-06-25T02:33:43",
    "modified_gmt": "2025-06-24T23:33:43",
    "slug": "domarecki",
    "status": "publish",
    "type": "page",
    "link": "https:\/\/www.promfest.ee\/en\/domarecki\/",
    "title": {
        "rendered": "Adrian Domarecki"
    },
    "content": {
        "rendered": "<h3 class=\"has-text-align-left wp-block-heading\">Adrian Domarecki<\/h3>\n\n\n\n<h4 class=\"wp-block-heading\">Tenor \/ 1995-03-10<\/h4>\n\n\n\n<p><strong>Poola \/ Poland<\/strong><\/p>\n\n\n\n<div class=\"wp-block-media-text alignwide is-stacked-on-mobile is-vertically-aligned-top\" style=\"grid-template-columns:34% auto\"><figure class=\"wp-block-media-text__media\"><img loading=\"lazy\" decoding=\"async\" width=\"400\" height=\"400\" src=\"https:\/\/www.promfest.ee\/wp-content\/uploads\/2021\/09\/Adrian_Domarecki.jpg\" alt=\"\" class=\"wp-image-2771 size-full\" srcset=\"https:\/\/www.promfest.ee\/wp-content\/uploads\/2021\/09\/Adrian_Domarecki.jpg 400w, https:\/\/www.promfest.ee\/wp-content\/uploads\/2021\/09\/Adrian_Domarecki-300x300.jpg 300w, https:\/\/www.promfest.ee\/wp-content\/uploads\/2021\/09\/Adrian_Domarecki-150x150.jpg 150w, https:\/\/www.promfest.ee\/wp-content\/uploads\/2021\/09\/Adrian_Domarecki-12x12.jpg 12w\" sizes=\"auto, (max-width: 400px) 100vw, 400px\" \/><\/figure><div class=\"wp-block-media-text__content\">\n<h3 class=\"wp-block-heading\"><strong>KAVA \/ PROGRAM<\/strong><\/h3>\n\n\n\n<p>II VOOR \/ 2ND ROUND<\/p>\n\n\n\n<p>Mozart &#8211; Don Giovanni &#8211; Don Ottavio &#8211; Il mio tesoro<br>Verdi &#8211; Traviata &#8211; Alfredo &#8211; Lunge da lei.. De miei bollenti spiriti<\/p>\n\n\n\n<p><br><\/p>\n\n\n\n<p>III VOOR \/ 3RD ROUND<\/p>\n\n\n\n<p>Schubert &#8211; Ave Maria<br>Liszt &#8211; Enfant, si j&#8217;\u00e9tais roi<\/p>\n\n\n\n<p><strong><br><\/strong><\/p>\n\n\n\n<p>IV VOOR \/ 4TH ROUND<\/p>\n\n\n\n<p>Donizetti &#8211; Lucia di Lamermoor &#8211; Edgardo &#8211; Tombe degli avi miei\u2026 Fra poco a me<br>Hoiby &#8211; The Tempest &#8211; Caliban &#8211; Be Not Afeard<\/p>\n\n\n\n<p><br><\/p>\n\n\n\n<p>FINAAL \/ FINAL ROUND<\/p>\n\n\n\n<p>Verdi &#8211; Macbeth &#8211; Macduff &#8211; O figli.. Ah, la paterna mano<br>\u2014\u2014\u2014\u2014\u2014\u2014\u2014\u2014\u2014\u2014\u2014\u2014<br>Tchaikovsky &#8211; Eugene Onegin &#8211; Lensky &#8211; Kuda, kuda vy udalilis<br>Mozart &#8211; Die Zauberfl\u00f6te &#8211; Tamino &#8211; Dies Bildnis ist bezaubernd sch\u00f6n<br>Massenet &#8211; Werther &#8211; Werther &#8211; Puorquoi me r\u00e8veiller<\/p>\n<\/div><\/div>\n\n\n\n<section id=\"section-11067faf-b0b6-4440-a76a-4a7c4d8b132d\" class=\"wp-block-gutentor-divider section-11067faf-b0b6-4440-a76a-4a7c4d8b132d gutentor-element gutentor-section gutentor-divider text-center\"><div class=\"grid-container\"><div class=\"gutentor-divider-box\"><span><svg xmlns=\"http:\/\/www.w3.org\/2000\/svg\" viewbox=\"0 0 240 40\" preserveaspectratio=\"none\"><path d=\"M56.2 20c5.3-.1 10.6-.2 16-.3l16-.2c10.6-.1 21.3-.1 31.9-.2 10.6.1 21.3 0 31.9.1l16 .2c5.3.1 10.6.2 16 .3-5.3.1-10.6.2-16 .3l-16 .2c-10.6.1-21.3.1-31.9.1-10.6-.1-21.3 0-31.9-.2l-16-.2c-5.4.1-10.7 0-16-.1z\"><\/path><\/svg><\/span><\/div><\/div><\/section>\n\n\n\n<p><strong>Haridus \/ Education<\/strong><\/p>\n\n\n\n<p>Penderecki Music Academy in Cracow, Katarzyna Ole\u015b-Blacha<br><\/p>\n\n\n\n<p><strong>T\u00e4iend\u00f5pe, konkursid \/ Further studies, competitions<\/strong><\/p>\n\n\n\n<p>Masterclasses:<br>Ryszard Karczykowski, Zdzis\u0142aw Madej, Marcel Boone, Mariusz Kwiecie\u0144, Urszula Kryger<br>Opera Academy (Teatr Wielki, Warsaw since 2021)<br>Ludomir R\u00f3\u017cycki Competition (3rd Prize, 2017)<br>Iwona Borowicka Operetta Competition (1st Prize, 2020)<\/p>\n\n\n\n<p><strong>Erialased kogemused \/ Professional experience<\/strong><\/p>\n\n\n\n<p>Cassio (Otello, Krakow Opera 2020), Ferrando (Krakow Opera, Wroc\u0142aw Opera 2021).<br>Zabrze Philharmonic, Krakow Philharmonic.<\/p>\n\n\n\n<p><br><\/p>\n\n\n\n<p><strong>Tulevikuplaanid \/ Future plans<\/strong><\/p>\n\n\n\n<p>Mercury (Orphee aux Enfers, Krakow Opera 2021), Tamino, Don Ottavio, Nemorino<br>Dream roles: Rodolfo (La Boheme), Duke (Rigoletto)<\/p>",
        "protected": false
    },
    "excerpt": {
        "rendered": "<p>Adrian Domarecki Tenor \/ 1995-03-10 Poola \/ Poland KAVA \/ PROGRAM II VOOR \/ 2ND ROUND Mozart &#8211; Don Giovanni &#8211; Don Ottavio &#8211; Il mio tesoroVerdi &#8211; Traviata &#8211; Alfredo &#8211; Lunge da lei.. De miei bollenti spiriti III VOOR \/ 3RD ROUND Schubert &#8211; Ave MariaLiszt &#8211; Enfant, si j&#8217;\u00e9tais roi IV VOOR [&hellip;]<\/p>",
        "protected": false
    },
    "author": 1,
    "featured_media": 0,
    "parent": 0,
    "menu_order": 102,
    "comment_status": "closed",
    "ping_status": "closed",
    "template": "",
    "meta": {
        "footnotes": ""
    },
    "class_list": [
        "post-2751",
        "page",
        "type-page",
        "status-publish",
        "hentry"
    ],
    "_links": {
        "self": [
            {
                "href": "https:\/\/www.promfest.ee\/en\/wp-json\/wp\/v2\/pages\/2751",
                "targetHints": {
                    "allow": [
                        "GET"
                    ]
                }
            }
        ],
        "collection": [
            {
                "href": "https:\/\/www.promfest.ee\/en\/wp-json\/wp\/v2\/pages"
            }
        ],
        "about": [
            {
                "href": "https:\/\/www.promfest.ee\/en\/wp-json\/wp\/v2\/types\/page"
            }
        ],
        "author": [
            {
                "embeddable": true,
                "href": "https:\/\/www.promfest.ee\/en\/wp-json\/wp\/v2\/users\/1"
            }
        ],
        "replies": [
            {
                "embeddable": true,
                "href": "https:\/\/www.promfest.ee\/en\/wp-json\/wp\/v2\/comments?post=2751"
            }
        ],
        "version-history": [
            {
                "count": 1,
                "href": "https:\/\/www.promfest.ee\/en\/wp-json\/wp\/v2\/pages\/2751\/revisions"
            }
        ],
        "predecessor-version": [
            {
                "id": 2772,
                "href": "https:\/\/www.promfest.ee\/en\/wp-json\/wp\/v2\/pages\/2751\/revisions\/2772"
            }
        ],
        "wp:attachment": [
            {
                "href": "https:\/\/www.promfest.ee\/en\/wp-json\/wp\/v2\/media?parent=2751"
            }
        ],
        "curies": [
            {
                "name": "wp",
                "href": "https:\/\/api.w.org\/{rel}",
                "templated": true
            }
        ]
    }
}