{
    "id": 4525,
    "date": "2023-08-14T21:47:16",
    "date_gmt": "2023-08-14T18:47:16",
    "guid": {
        "rendered": "https:\/\/www.promfest.ee\/class\/meet-greet-with-cynthia-makris-2\/"
    },
    "modified": "2023-08-28T11:12:24",
    "modified_gmt": "2023-08-28T08:12:24",
    "slug": "meet-greet-with-vesselina-kasarova",
    "status": "publish",
    "type": "class",
    "link": "https:\/\/www.promfest.ee\/en\/class\/meet-greet-with-vesselina-kasarova\/",
    "title": {
        "rendered": "Meet &#038; Greet with Vesselina Kasarova"
    },
    "content": {
        "rendered": "<h3 class=\"wp-block-heading\"><strong>Friends of PromFest have the opportunity to get to know the renowned mezzo-soprano, Vesselina Kasarova (Bulgaria), the chairwoman of the jury of the XIII Klaudia Taev Competition.<\/strong><\/h3>\n\n\n\n<p>Kasarova is one of the most important and versatile singers of our time. She owes her world career not only to her phenomenal voice, but also to her charismatic personality. Although spoiled by success, she has repeatedly reflected critically on the singing profession. She is an artist who not only has something to tell, but has something to say. <\/p>\n\n\n\n<p>Kasarova was born in Stara Zagora (Bulgaria). After receiving her piano concert diploma, she studied singing at the Sofia Academy of Music and performed major roles at the National Opera there while still a student. In 1989, a permanent contract brought her to the Zurich Opera House, where she quickly became an audience favourite and was hailed as a great discovery by international experts. In 1991 Vesselina Kasarova made her debut at the Salzburg Festival as Annio in La Clemenza di Tito conducted by Sir Colin Davis. Other roles at the Salzburg Festival included Tancredi, Ombra Felice, Zerlina, Farnace, Sesto, and Marguerite (La damnation de Faust). In the autumn of the same year, Vesselina Kasarova made her highly acclaimed debut at the Vienna State Opera as Rosina (Il barbiere di Siviglia) under Donald Runnicles. She has appeared at the Grand Th\u00e9\u00e2tre de Gen\u00e8ve, Royal Opera House Covent Garden, Teatre del Liceu in Barcelona, Opernhaus Z\u00fcrich, Deutsche Oper Berlin, Bayerische Staatsoper M\u00fcnchen, Op\u00e9ra National de Paris (Bastille, Garnier), Lyric Opera of Chicago, San Francisco Opera, Wiener Staatsoper, in Amsterdam as well as at the Maggio Musicale Fiorentino and Rossini Opera Festival in Pesaro.<\/p>\n\n\n\n<p>Kasarova will also conduct a three-day master class for young singers. For Vesselina Kasarova, intensive collaboration with singers means supplementing and improving experience and knowledge. She is not only interested in technical and stylistic skills, but also in strengthening the students\u2019 self-confidence and preparing them comprehensively for the stage. NB! An audience can follow the masterclass of the renowned soprano and vocal master pedagogue for free!<br>More info: <a rel=\"noreferrer noopener\" href=\"https:\/\/www.promfest.ee\/en\/program-tickets\/?fbclid=IwAR051umo5C3bMTYN-YRWlqwTQWuf066H7fGGXMWAbMa0n-WYxfcAkhzteF4\" target=\"_blank\"><mark style=\"background-color:rgba(0, 0, 0, 0)\" class=\"has-inline-color has-vivid-cyan-blue-color\">https:\/\/www.promfest.ee\/en\/program-tickets\/<\/mark><\/a><br><\/p>\n\n\n\n<p>The meeting will be moderated by Dutch stage director and lecturer Hans Nieuwenhuis in German and English. <\/p>\n\n\n\n<p><strong>Ticket price is 15\u20ac<\/strong><\/p>\n\n\n\n<p><strong>Ticket price includes<\/strong> includes a cozy meeting with an opera star, cake and coffee \/ tea, ALSO a free ticket to the Final round(concert) of the Klaudia Taev Competition on September 15 at 7 pm in P\u00e4rnu Concert Hall.<\/p>\n\n\n\n<p><strong>The duration of the event is 1-1.5 hours. <\/strong><br><strong>Book your table for the event online (link below) or call +372 447 3888<\/strong><br><a rel=\"noreferrer noopener\" href=\"https:\/\/ammende.ee\/en\/events\/meet-greet-with-vesselina-kasarova\/?fbclid=IwAR15_yMLgmdP8xrR1R7XIspoJ9Q5OgPvHLRBubp3-OoplhZC009bh0s0y5w\" target=\"_blank\"><mark style=\"background-color:rgba(0, 0, 0, 0)\" class=\"has-inline-color has-vivid-cyan-blue-color\">https:\/\/ammende.ee\/&#8230;\/meet-greet-with-vesselina-kasarova\/<\/mark><\/a><\/p>",
        "protected": false
    },
    "excerpt": {
        "rendered": "<p>Friends of the PromFest have an unique chance to get to know the honorary guest, the chairwoman of the XIII Klaudia Taev Competition.<\/p>",
        "protected": false
    },
    "template": "",
    "meta": [],
    "wcs-type": [
        28
    ],
    "wcs-room": [
        34
    ],
    "wcs-instructor": [],
    "class_list": [
        "post-4525",
        "class",
        "type-class",
        "status-publish",
        "hentry",
        "wcs-type-festival",
        "wcs-room-villa-ammende"
    ],
    "_links": {
        "self": [
            {
                "href": "https:\/\/www.promfest.ee\/en\/wp-json\/wp\/v2\/class\/4525",
                "targetHints": {
                    "allow": [
                        "GET"
                    ]
                }
            }
        ],
        "collection": [
            {
                "href": "https:\/\/www.promfest.ee\/en\/wp-json\/wp\/v2\/class"
            }
        ],
        "about": [
            {
                "href": "https:\/\/www.promfest.ee\/en\/wp-json\/wp\/v2\/types\/class"
            }
        ],
        "wp:attachment": [
            {
                "href": "https:\/\/www.promfest.ee\/en\/wp-json\/wp\/v2\/media?parent=4525"
            }
        ],
        "wp:term": [
            {
                "taxonomy": "wcs-type",
                "embeddable": true,
                "href": "https:\/\/www.promfest.ee\/en\/wp-json\/wp\/v2\/wcs-type?post=4525"
            },
            {
                "taxonomy": "wcs-room",
                "embeddable": true,
                "href": "https:\/\/www.promfest.ee\/en\/wp-json\/wp\/v2\/wcs-room?post=4525"
            },
            {
                "taxonomy": "wcs-instructor",
                "embeddable": true,
                "href": "https:\/\/www.promfest.ee\/en\/wp-json\/wp\/v2\/wcs-instructor?post=4525"
            }
        ],
        "curies": [
            {
                "name": "wp",
                "href": "https:\/\/api.w.org\/{rel}",
                "templated": true
            }
        ]
    }
}